{"id":5725,"date":"2026-01-23T08:48:34","date_gmt":"2026-01-23T06:48:34","guid":{"rendered":"https:\/\/svixheim.de\/?p=5725"},"modified":"2026-01-23T08:48:36","modified_gmt":"2026-01-23T06:48:36","slug":"information-zur-trainerfrage-der-1-mannschaft","status":"publish","type":"post","link":"https:\/\/svixheim.de\/?p=5725","title":{"rendered":"Information zur Trainerfrage der 1. Mannschaft"},"content":{"rendered":"\n<p>Der SV Ixheim und Cheftrainer Thorsten Lahm haben sich einvernehmlich darauf verst\u00e4ndigt, die Zusammenarbeit zum Ende der laufenden Saison zu beenden. Thorsten hat den Wunsch ge\u00e4u\u00dfert, ab der kommenden Saison eine andere Funktion zu \u00fcbernehmen. In offenen und vertrauensvollen Gespr\u00e4chen sind wir gemeinsam zu dieser Entscheidung gekommen.<\/p>\n\n\n\n<p>Wir bedanken uns herzlich bei Thorsten f\u00fcr zwei sehr erfolgreiche Jahre, in denen er die Mannschaft sportlich wie menschlich gepr\u00e4gt und weiterentwickelt hat.<\/p>\n\n\n\n<p>Die laufende Saison ist damit aber keineswegs abgeschlossen: In der Liga und im Halbfinale des Kreispokals haben wir noch viel vor. F\u00fcr die R\u00fcckrunde w\u00fcnschen wir Thorsten und der Mannschaft maximalen Erfolg und einen starken gemeinsamen Endspurt.<\/p>\n\n\n\n<p>F\u00fcr seinen weiteren Weg ab dem Sommer w\u00fcnschen wir ihm alles Gute und weiterhin viel Erfolg.<\/p>\n\n\n\n<p>Und wer wei\u00df? Vielleicht kreuzen sich unsere Wege ja irgendwann wieder &#x1f5a4;&#x1f49b;<\/p>\n\n\n\n<p><\/p>\n\n\n\n<figure data-wp-context=\"{&quot;imageId&quot;:&quot;69f4af573125f&quot;}\" data-wp-interactive=\"core\/image\" data-wp-key=\"69f4af573125f\" class=\"wp-block-image size-large wp-lightbox-container\"><img loading=\"lazy\" decoding=\"async\" width=\"1024\" height=\"1024\" data-wp-class--hide=\"state.isContentHidden\" data-wp-class--show=\"state.isContentVisible\" data-wp-init=\"callbacks.setButtonStyles\" data-wp-on--click=\"actions.showLightbox\" data-wp-on--load=\"callbacks.setButtonStyles\" data-wp-on-window--resize=\"callbacks.setButtonStyles\" src=\"https:\/\/svixheim.de\/wp-content\/uploads\/2026\/01\/WhatsApp-Image-2026-01-22-at-14.46.43-1024x1024.jpeg\" alt=\"\" class=\"wp-image-5726\" srcset=\"https:\/\/svixheim.de\/wp-content\/uploads\/2026\/01\/WhatsApp-Image-2026-01-22-at-14.46.43-980x980.jpeg 980w, https:\/\/svixheim.de\/wp-content\/uploads\/2026\/01\/WhatsApp-Image-2026-01-22-at-14.46.43-480x480.jpeg 480w\" sizes=\"(min-width: 0px) and (max-width: 480px) 480px, (min-width: 481px) and (max-width: 980px) 980px, (min-width: 981px) 1024px, 100vw\" \/><button\n\t\t\tclass=\"lightbox-trigger\"\n\t\t\ttype=\"button\"\n\t\t\taria-haspopup=\"dialog\"\n\t\t\taria-label=\"Vergr\u00f6\u00dfern\"\n\t\t\tdata-wp-init=\"callbacks.initTriggerButton\"\n\t\t\tdata-wp-on--click=\"actions.showLightbox\"\n\t\t\tdata-wp-style--right=\"state.imageButtonRight\"\n\t\t\tdata-wp-style--top=\"state.imageButtonTop\"\n\t\t>\n\t\t\t<svg xmlns=\"http:\/\/www.w3.org\/2000\/svg\" width=\"12\" height=\"12\" fill=\"none\" viewBox=\"0 0 12 12\">\n\t\t\t\t<path fill=\"#fff\" d=\"M2 0a2 2 0 0 0-2 2v2h1.5V2a.5.5 0 0 1 .5-.5h2V0H2Zm2 10.5H2a.5.5 0 0 1-.5-.5V8H0v2a2 2 0 0 0 2 2h2v-1.5ZM8 12v-1.5h2a.5.5 0 0 0 .5-.5V8H12v2a2 2 0 0 1-2 2H8Zm2-12a2 2 0 0 1 2 2v2h-1.5V2a.5.5 0 0 0-.5-.5H8V0h2Z\" \/>\n\t\t\t<\/svg>\n\t\t<\/button><\/figure>\n","protected":false},"excerpt":{"rendered":"<p>Der SV Ixheim und Cheftrainer Thorsten Lahm haben sich einvernehmlich darauf verst\u00e4ndigt, die Zusammenarbeit zum Ende der laufenden Saison zu beenden. Thorsten hat den Wunsch ge\u00e4u\u00dfert, ab der kommenden Saison eine andere Funktion zu \u00fcbernehmen. In offenen und vertrauensvollen Gespr\u00e4chen sind wir gemeinsam zu dieser Entscheidung gekommen. Wir bedanken uns herzlich bei Thorsten f\u00fcr zwei [&hellip;]<\/p>\n","protected":false},"author":3,"featured_media":0,"comment_status":"closed","ping_status":"open","sticky":false,"template":"","format":"standard","meta":{"_et_pb_use_builder":"off","_et_pb_old_content":"","_et_gb_content_width":"","footnotes":""},"categories":[7],"tags":[],"class_list":["post-5725","post","type-post","status-publish","format-standard","hentry","category-herren"],"_links":{"self":[{"href":"https:\/\/svixheim.de\/index.php?rest_route=\/wp\/v2\/posts\/5725","targetHints":{"allow":["GET"]}}],"collection":[{"href":"https:\/\/svixheim.de\/index.php?rest_route=\/wp\/v2\/posts"}],"about":[{"href":"https:\/\/svixheim.de\/index.php?rest_route=\/wp\/v2\/types\/post"}],"author":[{"embeddable":true,"href":"https:\/\/svixheim.de\/index.php?rest_route=\/wp\/v2\/users\/3"}],"replies":[{"embeddable":true,"href":"https:\/\/svixheim.de\/index.php?rest_route=%2Fwp%2Fv2%2Fcomments&post=5725"}],"version-history":[{"count":1,"href":"https:\/\/svixheim.de\/index.php?rest_route=\/wp\/v2\/posts\/5725\/revisions"}],"predecessor-version":[{"id":5727,"href":"https:\/\/svixheim.de\/index.php?rest_route=\/wp\/v2\/posts\/5725\/revisions\/5727"}],"wp:attachment":[{"href":"https:\/\/svixheim.de\/index.php?rest_route=%2Fwp%2Fv2%2Fmedia&parent=5725"}],"wp:term":[{"taxonomy":"category","embeddable":true,"href":"https:\/\/svixheim.de\/index.php?rest_route=%2Fwp%2Fv2%2Fcategories&post=5725"},{"taxonomy":"post_tag","embeddable":true,"href":"https:\/\/svixheim.de\/index.php?rest_route=%2Fwp%2Fv2%2Ftags&post=5725"}],"curies":[{"name":"wp","href":"https:\/\/api.w.org\/{rel}","templated":true}]}}