{"id":5732,"date":"2026-01-28T14:41:37","date_gmt":"2026-01-28T12:41:37","guid":{"rendered":"https:\/\/svixheim.de\/?p=5732"},"modified":"2026-01-28T15:10:12","modified_gmt":"2026-01-28T13:10:12","slug":"weltmeister-intensivcamp","status":"publish","type":"post","link":"https:\/\/svixheim.de\/?p=5732","title":{"rendered":"Weltmeister Intensivcamp"},"content":{"rendered":"\n<p>Liebe Kinder, liebe Eltern,<\/p>\n\n\n\n<p>am Sonntag, den 01.03.2026 (10:30-12:15 Uhr) kommt es zu einem Trainingshighlight auf dem Kunstrasenplatz in Ixheim.<\/p>\n\n\n\n<p>In Kooperation mit dem hochkar\u00e4tigen Trainerteam von Sch\u00e4chter Sports wird ein hochwertiges Training mit den Schwerpunkten Technik und komplexes Zweikampftraining f\u00fcr alle Kinder von 6-14 Jahren angeboten . Und das Beste : Weltmeister Erik Durm (ehemaliger Profi bei Borussia Dortmund, Eintracht Frankfurt , 1.FC Kaiserslautern und Huddersfield Town in der Premier League) wird vor Ort sein und das Trainerteam unterst\u00fctzen sowie allen Teilnehmern in einem Meet&amp;Greet Frage und Antwort stehen !<\/p>\n\n\n\n<p>Jetzt schnell anmelden unter und einer der begrenzten Pl\u00e4tze sichern:<br><a href=\"https:\/\/shop.schaechter-sports.com\/collections\/platin-camps\/products\/weltmeister-intensivcamp-beim-sv-ixheim\" target=\"_blank\" rel=\"noreferrer noopener\">https:\/\/shop.schaechter-sports.com\/collections\/platin-camps\/products\/weltmeister-intensivcamp-beim-sv-ixheim<\/a><\/p>\n\n\n\n<p><\/p>\n\n\n\n<figure data-wp-context=\"{&quot;imageId&quot;:&quot;69f4ae4e72ab3&quot;}\" data-wp-interactive=\"core\/image\" data-wp-key=\"69f4ae4e72ab3\" class=\"wp-block-image size-full wp-lightbox-container\"><img loading=\"lazy\" decoding=\"async\" width=\"756\" height=\"756\" data-wp-class--hide=\"state.isContentHidden\" data-wp-class--show=\"state.isContentVisible\" data-wp-init=\"callbacks.setButtonStyles\" data-wp-on--click=\"actions.showLightbox\" data-wp-on--load=\"callbacks.setButtonStyles\" data-wp-on-window--resize=\"callbacks.setButtonStyles\" src=\"https:\/\/svixheim.de\/wp-content\/uploads\/2026\/01\/2026-03-01_Weltmeister-Intensivcamp_SV-Ixheim_c961cb93-a147-4487-a161-a913da2aea30_1024x1024.webp\" alt=\"\" class=\"wp-image-5733\" srcset=\"https:\/\/svixheim.de\/wp-content\/uploads\/2026\/01\/2026-03-01_Weltmeister-Intensivcamp_SV-Ixheim_c961cb93-a147-4487-a161-a913da2aea30_1024x1024.webp 756w, https:\/\/svixheim.de\/wp-content\/uploads\/2026\/01\/2026-03-01_Weltmeister-Intensivcamp_SV-Ixheim_c961cb93-a147-4487-a161-a913da2aea30_1024x1024-480x480.webp 480w\" sizes=\"(min-width: 0px) and (max-width: 480px) 480px, (min-width: 481px) 756px, 100vw\" \/><button\n\t\t\tclass=\"lightbox-trigger\"\n\t\t\ttype=\"button\"\n\t\t\taria-haspopup=\"dialog\"\n\t\t\taria-label=\"Vergr\u00f6\u00dfern\"\n\t\t\tdata-wp-init=\"callbacks.initTriggerButton\"\n\t\t\tdata-wp-on--click=\"actions.showLightbox\"\n\t\t\tdata-wp-style--right=\"state.imageButtonRight\"\n\t\t\tdata-wp-style--top=\"state.imageButtonTop\"\n\t\t>\n\t\t\t<svg xmlns=\"http:\/\/www.w3.org\/2000\/svg\" width=\"12\" height=\"12\" fill=\"none\" viewBox=\"0 0 12 12\">\n\t\t\t\t<path fill=\"#fff\" d=\"M2 0a2 2 0 0 0-2 2v2h1.5V2a.5.5 0 0 1 .5-.5h2V0H2Zm2 10.5H2a.5.5 0 0 1-.5-.5V8H0v2a2 2 0 0 0 2 2h2v-1.5ZM8 12v-1.5h2a.5.5 0 0 0 .5-.5V8H12v2a2 2 0 0 1-2 2H8Zm2-12a2 2 0 0 1 2 2v2h-1.5V2a.5.5 0 0 0-.5-.5H8V0h2Z\" \/>\n\t\t\t<\/svg>\n\t\t<\/button><\/figure>\n","protected":false},"excerpt":{"rendered":"<p>Liebe Kinder, liebe Eltern, am Sonntag, den 01.03.2026 (10:30-12:15 Uhr) kommt es zu einem Trainingshighlight auf dem Kunstrasenplatz in Ixheim. In Kooperation mit dem hochkar\u00e4tigen Trainerteam von Sch\u00e4chter Sports wird ein hochwertiges Training mit den Schwerpunkten Technik und komplexes Zweikampftraining f\u00fcr alle Kinder von 6-14 Jahren angeboten . Und das Beste : Weltmeister Erik Durm [&hellip;]<\/p>\n","protected":false},"author":3,"featured_media":0,"comment_status":"closed","ping_status":"open","sticky":false,"template":"","format":"standard","meta":{"_et_pb_use_builder":"off","_et_pb_old_content":"","_et_gb_content_width":"","footnotes":""},"categories":[1],"tags":[],"class_list":["post-5732","post","type-post","status-publish","format-standard","hentry","category-allgemein"],"_links":{"self":[{"href":"https:\/\/svixheim.de\/index.php?rest_route=\/wp\/v2\/posts\/5732","targetHints":{"allow":["GET"]}}],"collection":[{"href":"https:\/\/svixheim.de\/index.php?rest_route=\/wp\/v2\/posts"}],"about":[{"href":"https:\/\/svixheim.de\/index.php?rest_route=\/wp\/v2\/types\/post"}],"author":[{"embeddable":true,"href":"https:\/\/svixheim.de\/index.php?rest_route=\/wp\/v2\/users\/3"}],"replies":[{"embeddable":true,"href":"https:\/\/svixheim.de\/index.php?rest_route=%2Fwp%2Fv2%2Fcomments&post=5732"}],"version-history":[{"count":2,"href":"https:\/\/svixheim.de\/index.php?rest_route=\/wp\/v2\/posts\/5732\/revisions"}],"predecessor-version":[{"id":5735,"href":"https:\/\/svixheim.de\/index.php?rest_route=\/wp\/v2\/posts\/5732\/revisions\/5735"}],"wp:attachment":[{"href":"https:\/\/svixheim.de\/index.php?rest_route=%2Fwp%2Fv2%2Fmedia&parent=5732"}],"wp:term":[{"taxonomy":"category","embeddable":true,"href":"https:\/\/svixheim.de\/index.php?rest_route=%2Fwp%2Fv2%2Fcategories&post=5732"},{"taxonomy":"post_tag","embeddable":true,"href":"https:\/\/svixheim.de\/index.php?rest_route=%2Fwp%2Fv2%2Ftags&post=5732"}],"curies":[{"name":"wp","href":"https:\/\/api.w.org\/{rel}","templated":true}]}}